{"id":4583,"date":"2026-09-04T14:35:07","date_gmt":"2026-09-04T12:35:07","guid":{"rendered":"https:\/\/www.studioprosdocimo.com\/it\/?p=4583"},"modified":"2026-09-04T14:35:08","modified_gmt":"2026-09-04T12:35:08","slug":"linps-riconosce-il-giorno-precedente-al-certificato-anche-per-la-visita-in-ambulatorio","status":"publish","type":"post","link":"https:\/\/www.studioprosdocimo.com\/it\/linps-riconosce-il-giorno-precedente-al-certificato-anche-per-la-visita-in-ambulatorio\/","title":{"rendered":"L&#8217;INPS riconosce il giorno precedente al certificato anche per la visita in ambulatorio"},"content":{"rendered":"\n<div>\n<div>\n<p dir=\"ltr\">Con la circolare n. 92 pubblicata oggi, l&#8217;INPS modifica un orientamento consolidato da oltre quarant&#8217;anni sul computo del primo giorno di malattia ai fini della prestazione previdenziale.<\/p>\n<p dir=\"ltr\"><strong>La regola finora applicata.<\/strong>\u00a0L&#8217;evento di malattia decorre, in via generale, dalla data di redazione del certificato medico. L&#8217;Istituto ammetteva il riconoscimento del giorno immediatamente precedente solo in caso di\u00a0<strong>visita domiciliare<\/strong>, a condizione che il medico valorizzasse il campo &#8220;Dichiara di essere ammalato dal\u2026&#8221;. Il criterio serviva a non penalizzare il lavoratore quando la visita non avveniva nello stesso giorno della chiamata, tenuto conto della facolt\u00e0 del medico di medicina generale di effettuare l&#8217;accesso domiciliare entro le ore 12.00 del giorno successivo (art. 43, comma 6, ACN 15 gennaio 2026).<\/p>\n<p dir=\"ltr\"><strong>Cosa cambia.<\/strong>\u00a0Su parere conforme del Ministero del Lavoro, e alla luce della riorganizzazione dell&#8217;assistenza territoriale e della prassi ormai diffusa di programmare gli accessi ambulatoriali, l&#8217;INPS estende il riconoscimento della tutela previdenziale al giorno immediatamente precedente alla redazione del certificato\u00a0<strong>anche nel caso di visita in ambulatorio<\/strong>.<\/p>\n<p dir=\"ltr\"><strong>Le condizioni.<\/strong>\u00a0Il giorno anticipato non deve essere un festivo infrasettimanale, n\u00e9 cadere di sabato o di domenica: in tali ipotesi opera il servizio di continuit\u00e0 assistenziale. Resta ferma l&#8217;esclusione quando la data dichiarata \u00e8 anteriore di oltre un giorno rispetto al rilascio del certificato. Il criterio vale anche per i certificati di continuazione e di ricaduta ed opera nel rispetto del periodo massimo assistibile.<\/p>\n<p dir=\"ltr\"><strong>Perch\u00e9 conta in busta paga.<\/strong>\u00a0L&#8217;individuazione del primo giorno dell&#8217;evento non \u00e8 un dettaglio formale: da essa dipendono il calcolo della carenza (i primi tre giorni non indennizzati dall&#8217;INPS e generalmente a carico del datore secondo il CCNL applicato), le percentuali di indennizzo, il periodo massimo indennizzabile e l&#8217;eventuale applicazione delle sanzioni, ad esempio per assenza alla visita medica di controllo.<\/p>\n<p dir=\"ltr\"><strong>Decorrenza.<\/strong> Le nuove indicazioni si applicano ai certificati a partire dalla data di pubblicazione della circolare.<\/p>\n<\/div>\n<\/div>\n<div>\n<div>\n<p><span style=\"font-size: xx-small;\"><i><span style=\"font-family: times new roman,serif;\"><span class=\"gmail_default\">Fonte\u00a0<\/span><\/span><\/i><i><span style=\"font-family: times new roman,serif;\"><span class=\"gmail_default\">Inps<\/span><\/span><\/i><\/span><\/p>\n<\/div>\n<\/div>\n\n\n","protected":false},"excerpt":{"rendered":"<p>Con la circolare n. 92 pubblicata oggi, l&#8217;INPS modifica un orientamento consolidato da oltre quarant&#8217;anni sul computo del primo giorno di malattia ai fini della prestazione previdenziale. La regola finora applicata.\u00a0L&#8217;evento di malattia decorre, in via generale, dalla data di redazione del certificato medico. L&#8217;Istituto ammetteva il riconoscimento del giorno immediatamente precedente solo in caso [&hellip;]<\/p>\n","protected":false},"author":1,"featured_media":1843,"comment_status":"closed","ping_status":"closed","sticky":false,"template":"","format":"standard","meta":{"footnotes":""},"categories":[1],"tags":[19],"class_list":["post-4583","post","type-post","status-publish","format-standard","has-post-thumbnail","hentry","category-news","tag-inps"],"yoast_head":"<!-- This site is optimized with the Yoast SEO plugin v26.4 - https:\/\/yoast.com\/wordpress\/plugins\/seo\/ -->\n<title>L&#039;INPS riconosce il giorno precedente al certificato anche per la visita in ambulatorio - Studio Prosdocimo<\/title>\n<meta name=\"robots\" content=\"index, follow, max-snippet:-1, max-image-preview:large, max-video-preview:-1\" \/>\n<link rel=\"canonical\" href=\"https:\/\/www.studioprosdocimo.com\/it\/linps-riconosce-il-giorno-precedente-al-certificato-anche-per-la-visita-in-ambulatorio\/\" \/>\n<meta property=\"og:locale\" content=\"it_IT\" \/>\n<meta property=\"og:type\" content=\"article\" \/>\n<meta property=\"og:title\" content=\"L&#039;INPS riconosce il giorno precedente al certificato anche per la visita in ambulatorio - Studio Prosdocimo\" \/>\n<meta property=\"og:description\" content=\"Con la circolare n. 92 pubblicata oggi, l&#8217;INPS modifica un orientamento consolidato da oltre quarant&#8217;anni sul computo del primo giorno di malattia ai fini della prestazione previdenziale. La regola finora applicata.\u00a0L&#8217;evento di malattia decorre, in via generale, dalla data di redazione del certificato medico. L&#8217;Istituto ammetteva il riconoscimento del giorno immediatamente precedente solo in caso [&hellip;]\" \/>\n<meta property=\"og:url\" content=\"https:\/\/www.studioprosdocimo.com\/it\/linps-riconosce-il-giorno-precedente-al-certificato-anche-per-la-visita-in-ambulatorio\/\" \/>\n<meta property=\"og:site_name\" content=\"Studio Prosdocimo\" \/>\n<meta property=\"article:published_time\" content=\"2026-09-04T12:35:07+00:00\" \/>\n<meta property=\"article:modified_time\" content=\"2026-09-04T12:35:08+00:00\" \/>\n<meta property=\"og:image\" content=\"https:\/\/www.studioprosdocimo.com\/it\/wp-content\/uploads\/2017\/06\/inps.jpg\" \/>\n\t<meta property=\"og:image:width\" content=\"1080\" \/>\n\t<meta property=\"og:image:height\" content=\"1080\" \/>\n\t<meta property=\"og:image:type\" content=\"image\/jpeg\" \/>\n<meta name=\"author\" content=\"admin\" \/>\n<meta name=\"twitter:label1\" content=\"Scritto da\" \/>\n\t<meta name=\"twitter:data1\" content=\"admin\" \/>\n\t<meta name=\"twitter:label2\" content=\"Tempo di lettura stimato\" \/>\n\t<meta name=\"twitter:data2\" content=\"2 minuti\" \/>\n<script type=\"application\/ld+json\" class=\"yoast-schema-graph\">{\"@context\":\"https:\/\/schema.org\",\"@graph\":[{\"@type\":\"Article\",\"@id\":\"https:\/\/www.studioprosdocimo.com\/it\/linps-riconosce-il-giorno-precedente-al-certificato-anche-per-la-visita-in-ambulatorio\/#article\",\"isPartOf\":{\"@id\":\"https:\/\/www.studioprosdocimo.com\/it\/linps-riconosce-il-giorno-precedente-al-certificato-anche-per-la-visita-in-ambulatorio\/\"},\"author\":{\"name\":\"admin\",\"@id\":\"https:\/\/www.studioprosdocimo.com\/it\/#\/schema\/person\/4abcbfb7991346b2117c24679cf3f76a\"},\"headline\":\"L&#8217;INPS riconosce il giorno precedente al certificato anche per la visita in ambulatorio\",\"datePublished\":\"2026-09-04T12:35:07+00:00\",\"dateModified\":\"2026-09-04T12:35:08+00:00\",\"mainEntityOfPage\":{\"@id\":\"https:\/\/www.studioprosdocimo.com\/it\/linps-riconosce-il-giorno-precedente-al-certificato-anche-per-la-visita-in-ambulatorio\/\"},\"wordCount\":328,\"publisher\":{\"@id\":\"https:\/\/www.studioprosdocimo.com\/it\/#organization\"},\"image\":{\"@id\":\"https:\/\/www.studioprosdocimo.com\/it\/linps-riconosce-il-giorno-precedente-al-certificato-anche-per-la-visita-in-ambulatorio\/#primaryimage\"},\"thumbnailUrl\":\"https:\/\/www.studioprosdocimo.com\/it\/wp-content\/uploads\/2017\/06\/inps.jpg\",\"keywords\":[\"Inps\"],\"articleSection\":[\"News\"],\"inLanguage\":\"it-IT\"},{\"@type\":\"WebPage\",\"@id\":\"https:\/\/www.studioprosdocimo.com\/it\/linps-riconosce-il-giorno-precedente-al-certificato-anche-per-la-visita-in-ambulatorio\/\",\"url\":\"https:\/\/www.studioprosdocimo.com\/it\/linps-riconosce-il-giorno-precedente-al-certificato-anche-per-la-visita-in-ambulatorio\/\",\"name\":\"L'INPS riconosce il giorno precedente al certificato anche per la visita in ambulatorio - Studio Prosdocimo\",\"isPartOf\":{\"@id\":\"https:\/\/www.studioprosdocimo.com\/it\/#website\"},\"primaryImageOfPage\":{\"@id\":\"https:\/\/www.studioprosdocimo.com\/it\/linps-riconosce-il-giorno-precedente-al-certificato-anche-per-la-visita-in-ambulatorio\/#primaryimage\"},\"image\":{\"@id\":\"https:\/\/www.studioprosdocimo.com\/it\/linps-riconosce-il-giorno-precedente-al-certificato-anche-per-la-visita-in-ambulatorio\/#primaryimage\"},\"thumbnailUrl\":\"https:\/\/www.studioprosdocimo.com\/it\/wp-content\/uploads\/2017\/06\/inps.jpg\",\"datePublished\":\"2026-09-04T12:35:07+00:00\",\"dateModified\":\"2026-09-04T12:35:08+00:00\",\"breadcrumb\":{\"@id\":\"https:\/\/www.studioprosdocimo.com\/it\/linps-riconosce-il-giorno-precedente-al-certificato-anche-per-la-visita-in-ambulatorio\/#breadcrumb\"},\"inLanguage\":\"it-IT\",\"potentialAction\":[{\"@type\":\"ReadAction\",\"target\":[\"https:\/\/www.studioprosdocimo.com\/it\/linps-riconosce-il-giorno-precedente-al-certificato-anche-per-la-visita-in-ambulatorio\/\"]}]},{\"@type\":\"ImageObject\",\"inLanguage\":\"it-IT\",\"@id\":\"https:\/\/www.studioprosdocimo.com\/it\/linps-riconosce-il-giorno-precedente-al-certificato-anche-per-la-visita-in-ambulatorio\/#primaryimage\",\"url\":\"https:\/\/www.studioprosdocimo.com\/it\/wp-content\/uploads\/2017\/06\/inps.jpg\",\"contentUrl\":\"https:\/\/www.studioprosdocimo.com\/it\/wp-content\/uploads\/2017\/06\/inps.jpg\",\"width\":1080,\"height\":1080},{\"@type\":\"BreadcrumbList\",\"@id\":\"https:\/\/www.studioprosdocimo.com\/it\/linps-riconosce-il-giorno-precedente-al-certificato-anche-per-la-visita-in-ambulatorio\/#breadcrumb\",\"itemListElement\":[{\"@type\":\"ListItem\",\"position\":1,\"name\":\"Home\",\"item\":\"https:\/\/www.studioprosdocimo.com\/it\/\"},{\"@type\":\"ListItem\",\"position\":2,\"name\":\"L&#8217;INPS riconosce il giorno precedente al certificato anche per la visita in ambulatorio\"}]},{\"@type\":\"WebSite\",\"@id\":\"https:\/\/www.studioprosdocimo.com\/it\/#website\",\"url\":\"https:\/\/www.studioprosdocimo.com\/it\/\",\"name\":\"Studio Prosdocimo\",\"description\":\"Consulenza del lavoro e amministrazione del personale \",\"publisher\":{\"@id\":\"https:\/\/www.studioprosdocimo.com\/it\/#organization\"},\"potentialAction\":[{\"@type\":\"SearchAction\",\"target\":{\"@type\":\"EntryPoint\",\"urlTemplate\":\"https:\/\/www.studioprosdocimo.com\/it\/?s={search_term_string}\"},\"query-input\":{\"@type\":\"PropertyValueSpecification\",\"valueRequired\":true,\"valueName\":\"search_term_string\"}}],\"inLanguage\":\"it-IT\"},{\"@type\":\"Organization\",\"@id\":\"https:\/\/www.studioprosdocimo.com\/it\/#organization\",\"name\":\"Studio Prosdocimo\",\"url\":\"https:\/\/www.studioprosdocimo.com\/it\/\",\"logo\":{\"@type\":\"ImageObject\",\"inLanguage\":\"it-IT\",\"@id\":\"https:\/\/www.studioprosdocimo.com\/it\/#\/schema\/logo\/image\/\",\"url\":\"https:\/\/www.studioprosdocimo.com\/it\/wp-content\/uploads\/2015\/01\/sp_logho.png\",\"contentUrl\":\"https:\/\/www.studioprosdocimo.com\/it\/wp-content\/uploads\/2015\/01\/sp_logho.png\",\"width\":544,\"height\":636,\"caption\":\"Studio Prosdocimo\"},\"image\":{\"@id\":\"https:\/\/www.studioprosdocimo.com\/it\/#\/schema\/logo\/image\/\"},\"sameAs\":[\"https:\/\/www.linkedin.com\/in\/stefano-prosdocimo-26a69a180\/\"]},{\"@type\":\"Person\",\"@id\":\"https:\/\/www.studioprosdocimo.com\/it\/#\/schema\/person\/4abcbfb7991346b2117c24679cf3f76a\",\"name\":\"admin\",\"image\":{\"@type\":\"ImageObject\",\"inLanguage\":\"it-IT\",\"@id\":\"https:\/\/www.studioprosdocimo.com\/it\/#\/schema\/person\/image\/\",\"url\":\"https:\/\/secure.gravatar.com\/avatar\/716402f72be5150828cc017f787194ad1d93561f1aac11e8f3bf74ddb0ac2d26?s=96&d=mm&r=g\",\"contentUrl\":\"https:\/\/secure.gravatar.com\/avatar\/716402f72be5150828cc017f787194ad1d93561f1aac11e8f3bf74ddb0ac2d26?s=96&d=mm&r=g\",\"caption\":\"admin\"},\"url\":\"https:\/\/www.studioprosdocimo.com\/it\/author\/admin\/\"}]}<\/script>\n<!-- \/ Yoast SEO plugin. -->","yoast_head_json":{"title":"L'INPS riconosce il giorno precedente al certificato anche per la visita in ambulatorio - Studio Prosdocimo","robots":{"index":"index","follow":"follow","max-snippet":"max-snippet:-1","max-image-preview":"max-image-preview:large","max-video-preview":"max-video-preview:-1"},"canonical":"https:\/\/www.studioprosdocimo.com\/it\/linps-riconosce-il-giorno-precedente-al-certificato-anche-per-la-visita-in-ambulatorio\/","og_locale":"it_IT","og_type":"article","og_title":"L'INPS riconosce il giorno precedente al certificato anche per la visita in ambulatorio - Studio Prosdocimo","og_description":"Con la circolare n. 92 pubblicata oggi, l&#8217;INPS modifica un orientamento consolidato da oltre quarant&#8217;anni sul computo del primo giorno di malattia ai fini della prestazione previdenziale. La regola finora applicata.\u00a0L&#8217;evento di malattia decorre, in via generale, dalla data di redazione del certificato medico. L&#8217;Istituto ammetteva il riconoscimento del giorno immediatamente precedente solo in caso [&hellip;]","og_url":"https:\/\/www.studioprosdocimo.com\/it\/linps-riconosce-il-giorno-precedente-al-certificato-anche-per-la-visita-in-ambulatorio\/","og_site_name":"Studio Prosdocimo","article_published_time":"2026-09-04T12:35:07+00:00","article_modified_time":"2026-09-04T12:35:08+00:00","og_image":[{"width":1080,"height":1080,"url":"https:\/\/www.studioprosdocimo.com\/it\/wp-content\/uploads\/2017\/06\/inps.jpg","type":"image\/jpeg"}],"author":"admin","twitter_misc":{"Scritto da":"admin","Tempo di lettura stimato":"2 minuti"},"schema":{"@context":"https:\/\/schema.org","@graph":[{"@type":"Article","@id":"https:\/\/www.studioprosdocimo.com\/it\/linps-riconosce-il-giorno-precedente-al-certificato-anche-per-la-visita-in-ambulatorio\/#article","isPartOf":{"@id":"https:\/\/www.studioprosdocimo.com\/it\/linps-riconosce-il-giorno-precedente-al-certificato-anche-per-la-visita-in-ambulatorio\/"},"author":{"name":"admin","@id":"https:\/\/www.studioprosdocimo.com\/it\/#\/schema\/person\/4abcbfb7991346b2117c24679cf3f76a"},"headline":"L&#8217;INPS riconosce il giorno precedente al certificato anche per la visita in ambulatorio","datePublished":"2026-09-04T12:35:07+00:00","dateModified":"2026-09-04T12:35:08+00:00","mainEntityOfPage":{"@id":"https:\/\/www.studioprosdocimo.com\/it\/linps-riconosce-il-giorno-precedente-al-certificato-anche-per-la-visita-in-ambulatorio\/"},"wordCount":328,"publisher":{"@id":"https:\/\/www.studioprosdocimo.com\/it\/#organization"},"image":{"@id":"https:\/\/www.studioprosdocimo.com\/it\/linps-riconosce-il-giorno-precedente-al-certificato-anche-per-la-visita-in-ambulatorio\/#primaryimage"},"thumbnailUrl":"https:\/\/www.studioprosdocimo.com\/it\/wp-content\/uploads\/2017\/06\/inps.jpg","keywords":["Inps"],"articleSection":["News"],"inLanguage":"it-IT"},{"@type":"WebPage","@id":"https:\/\/www.studioprosdocimo.com\/it\/linps-riconosce-il-giorno-precedente-al-certificato-anche-per-la-visita-in-ambulatorio\/","url":"https:\/\/www.studioprosdocimo.com\/it\/linps-riconosce-il-giorno-precedente-al-certificato-anche-per-la-visita-in-ambulatorio\/","name":"L'INPS riconosce il giorno precedente al certificato anche per la visita in ambulatorio - Studio Prosdocimo","isPartOf":{"@id":"https:\/\/www.studioprosdocimo.com\/it\/#website"},"primaryImageOfPage":{"@id":"https:\/\/www.studioprosdocimo.com\/it\/linps-riconosce-il-giorno-precedente-al-certificato-anche-per-la-visita-in-ambulatorio\/#primaryimage"},"image":{"@id":"https:\/\/www.studioprosdocimo.com\/it\/linps-riconosce-il-giorno-precedente-al-certificato-anche-per-la-visita-in-ambulatorio\/#primaryimage"},"thumbnailUrl":"https:\/\/www.studioprosdocimo.com\/it\/wp-content\/uploads\/2017\/06\/inps.jpg","datePublished":"2026-09-04T12:35:07+00:00","dateModified":"2026-09-04T12:35:08+00:00","breadcrumb":{"@id":"https:\/\/www.studioprosdocimo.com\/it\/linps-riconosce-il-giorno-precedente-al-certificato-anche-per-la-visita-in-ambulatorio\/#breadcrumb"},"inLanguage":"it-IT","potentialAction":[{"@type":"ReadAction","target":["https:\/\/www.studioprosdocimo.com\/it\/linps-riconosce-il-giorno-precedente-al-certificato-anche-per-la-visita-in-ambulatorio\/"]}]},{"@type":"ImageObject","inLanguage":"it-IT","@id":"https:\/\/www.studioprosdocimo.com\/it\/linps-riconosce-il-giorno-precedente-al-certificato-anche-per-la-visita-in-ambulatorio\/#primaryimage","url":"https:\/\/www.studioprosdocimo.com\/it\/wp-content\/uploads\/2017\/06\/inps.jpg","contentUrl":"https:\/\/www.studioprosdocimo.com\/it\/wp-content\/uploads\/2017\/06\/inps.jpg","width":1080,"height":1080},{"@type":"BreadcrumbList","@id":"https:\/\/www.studioprosdocimo.com\/it\/linps-riconosce-il-giorno-precedente-al-certificato-anche-per-la-visita-in-ambulatorio\/#breadcrumb","itemListElement":[{"@type":"ListItem","position":1,"name":"Home","item":"https:\/\/www.studioprosdocimo.com\/it\/"},{"@type":"ListItem","position":2,"name":"L&#8217;INPS riconosce il giorno precedente al certificato anche per la visita in ambulatorio"}]},{"@type":"WebSite","@id":"https:\/\/www.studioprosdocimo.com\/it\/#website","url":"https:\/\/www.studioprosdocimo.com\/it\/","name":"Studio Prosdocimo","description":"Consulenza del lavoro e amministrazione del personale ","publisher":{"@id":"https:\/\/www.studioprosdocimo.com\/it\/#organization"},"potentialAction":[{"@type":"SearchAction","target":{"@type":"EntryPoint","urlTemplate":"https:\/\/www.studioprosdocimo.com\/it\/?s={search_term_string}"},"query-input":{"@type":"PropertyValueSpecification","valueRequired":true,"valueName":"search_term_string"}}],"inLanguage":"it-IT"},{"@type":"Organization","@id":"https:\/\/www.studioprosdocimo.com\/it\/#organization","name":"Studio Prosdocimo","url":"https:\/\/www.studioprosdocimo.com\/it\/","logo":{"@type":"ImageObject","inLanguage":"it-IT","@id":"https:\/\/www.studioprosdocimo.com\/it\/#\/schema\/logo\/image\/","url":"https:\/\/www.studioprosdocimo.com\/it\/wp-content\/uploads\/2015\/01\/sp_logho.png","contentUrl":"https:\/\/www.studioprosdocimo.com\/it\/wp-content\/uploads\/2015\/01\/sp_logho.png","width":544,"height":636,"caption":"Studio Prosdocimo"},"image":{"@id":"https:\/\/www.studioprosdocimo.com\/it\/#\/schema\/logo\/image\/"},"sameAs":["https:\/\/www.linkedin.com\/in\/stefano-prosdocimo-26a69a180\/"]},{"@type":"Person","@id":"https:\/\/www.studioprosdocimo.com\/it\/#\/schema\/person\/4abcbfb7991346b2117c24679cf3f76a","name":"admin","image":{"@type":"ImageObject","inLanguage":"it-IT","@id":"https:\/\/www.studioprosdocimo.com\/it\/#\/schema\/person\/image\/","url":"https:\/\/secure.gravatar.com\/avatar\/716402f72be5150828cc017f787194ad1d93561f1aac11e8f3bf74ddb0ac2d26?s=96&d=mm&r=g","contentUrl":"https:\/\/secure.gravatar.com\/avatar\/716402f72be5150828cc017f787194ad1d93561f1aac11e8f3bf74ddb0ac2d26?s=96&d=mm&r=g","caption":"admin"},"url":"https:\/\/www.studioprosdocimo.com\/it\/author\/admin\/"}]}},"_links":{"self":[{"href":"https:\/\/www.studioprosdocimo.com\/it\/wp-json\/wp\/v2\/posts\/4583","targetHints":{"allow":["GET"]}}],"collection":[{"href":"https:\/\/www.studioprosdocimo.com\/it\/wp-json\/wp\/v2\/posts"}],"about":[{"href":"https:\/\/www.studioprosdocimo.com\/it\/wp-json\/wp\/v2\/types\/post"}],"author":[{"embeddable":true,"href":"https:\/\/www.studioprosdocimo.com\/it\/wp-json\/wp\/v2\/users\/1"}],"replies":[{"embeddable":true,"href":"https:\/\/www.studioprosdocimo.com\/it\/wp-json\/wp\/v2\/comments?post=4583"}],"version-history":[{"count":1,"href":"https:\/\/www.studioprosdocimo.com\/it\/wp-json\/wp\/v2\/posts\/4583\/revisions"}],"predecessor-version":[{"id":4584,"href":"https:\/\/www.studioprosdocimo.com\/it\/wp-json\/wp\/v2\/posts\/4583\/revisions\/4584"}],"wp:featuredmedia":[{"embeddable":true,"href":"https:\/\/www.studioprosdocimo.com\/it\/wp-json\/wp\/v2\/media\/1843"}],"wp:attachment":[{"href":"https:\/\/www.studioprosdocimo.com\/it\/wp-json\/wp\/v2\/media?parent=4583"}],"wp:term":[{"taxonomy":"category","embeddable":true,"href":"https:\/\/www.studioprosdocimo.com\/it\/wp-json\/wp\/v2\/categories?post=4583"},{"taxonomy":"post_tag","embeddable":true,"href":"https:\/\/www.studioprosdocimo.com\/it\/wp-json\/wp\/v2\/tags?post=4583"}],"curies":[{"name":"wp","href":"https:\/\/api.w.org\/{rel}","templated":true}]}}